{"id":3330,"date":"2016-09-08T15:43:17","date_gmt":"2016-09-08T13:43:17","guid":{"rendered":"http:\/\/www.zusjcbb.sk\/?p=3330"},"modified":"2021-05-02T17:38:10","modified_gmt":"2021-05-02T15:38:10","slug":"oznam-o-ukonceni-zapisu-ziakov-do-vytvarneho-odboru","status":"publish","type":"post","link":"https:\/\/www.zusjcbb.sk\/?p=3330","title":{"rendered":"Oznam o ukon\u010den\u00ed z\u00e1pisu \u017eiakov do V\u00fdtvarn\u00e9ho a Tane\u010dn\u00e9ho odboru"},"content":{"rendered":"<p><a href=\"https:\/\/www.zusjcbb.sk\/wp-content\/uploads\/2016\/09\/ukonc\u030ceny\u0301-za\u0301pis-2016.jpg\" rel=\"attachment wp-att-3327\"><img loading=\"lazy\" class=\"alignnone wp-image-3327 size-full\" src=\"https:\/\/www.zusjcbb.sk\/wp-content\/uploads\/2016\/09\/ukonc\u030ceny\u0301-za\u0301pis-2016.jpg\" alt=\"ukonc\u030ceny\u0301 za\u0301pis 2016\" width=\"1209\" height=\"926\" srcset=\"https:\/\/www.zusjcbb.sk\/wp-content\/uploads\/2016\/09\/ukonc\u030ceny\u0301-za\u0301pis-2016.jpg 1209w, https:\/\/www.zusjcbb.sk\/wp-content\/uploads\/2016\/09\/ukonc\u030ceny\u0301-za\u0301pis-2016-300x230.jpg 300w, https:\/\/www.zusjcbb.sk\/wp-content\/uploads\/2016\/09\/ukonc\u030ceny\u0301-za\u0301pis-2016-768x588.jpg 768w, https:\/\/www.zusjcbb.sk\/wp-content\/uploads\/2016\/09\/ukonc\u030ceny\u0301-za\u0301pis-2016-1024x784.jpg 1024w\" sizes=\"(max-width: 1209px) 100vw, 1209px\" \/><\/a><\/p>\n<h2 style=\"text-align: center;\">***<\/h2>\n<h1>V Tane\u010dnom odbore\u00a0je z\u00e1pis a prij\u00edmacie sk\u00fa\u0161ky k dne\u0161n\u00e9mu d\u0148u 8. 9. 2016 UKON\u010cEN\u00dd!!!<\/h1>\n<p><a href=\"https:\/\/www.zusjcbb.sk\/wp-content\/uploads\/2016\/09\/img021.jpg\" rel=\"attachment wp-att-3333\"><img loading=\"lazy\" class=\"alignnone wp-image-3333 size-large\" src=\"https:\/\/www.zusjcbb.sk\/wp-content\/uploads\/2016\/09\/img021-755x1024.jpg\" alt=\"img021\" width=\"590\" height=\"800\" srcset=\"https:\/\/www.zusjcbb.sk\/wp-content\/uploads\/2016\/09\/img021-755x1024.jpg 755w, https:\/\/www.zusjcbb.sk\/wp-content\/uploads\/2016\/09\/img021-221x300.jpg 221w, https:\/\/www.zusjcbb.sk\/wp-content\/uploads\/2016\/09\/img021-768x1042.jpg 768w, https:\/\/www.zusjcbb.sk\/wp-content\/uploads\/2016\/09\/img021.jpg 1716w\" sizes=\"(max-width: 590px) 100vw, 590px\" \/><\/a><\/p>\n","protected":false},"excerpt":{"rendered":"<p>*** V Tane\u010dnom odbore\u00a0je z\u00e1pis a prij\u00edmacie sk\u00fa\u0161ky k dne\u0161n\u00e9mu d\u0148u 8. 9. 2016 UKON\u010cEN\u00dd!!!<\/p>\n","protected":false},"author":2,"featured_media":0,"comment_status":"closed","ping_status":"closed","sticky":false,"template":"","format":"standard","meta":{"neve_meta_sidebar":"","neve_meta_container":"","neve_meta_enable_content_width":"","neve_meta_content_width":0,"neve_meta_title_alignment":"","neve_meta_author_avatar":"","neve_post_elements_order":"","neve_meta_disable_header":"","neve_meta_disable_footer":"","neve_meta_disable_title":""},"categories":[9,21],"tags":[],"_links":{"self":[{"href":"https:\/\/www.zusjcbb.sk\/index.php?rest_route=\/wp\/v2\/posts\/3330"}],"collection":[{"href":"https:\/\/www.zusjcbb.sk\/index.php?rest_route=\/wp\/v2\/posts"}],"about":[{"href":"https:\/\/www.zusjcbb.sk\/index.php?rest_route=\/wp\/v2\/types\/post"}],"author":[{"embeddable":true,"href":"https:\/\/www.zusjcbb.sk\/index.php?rest_route=\/wp\/v2\/users\/2"}],"replies":[{"embeddable":true,"href":"https:\/\/www.zusjcbb.sk\/index.php?rest_route=%2Fwp%2Fv2%2Fcomments&post=3330"}],"version-history":[{"count":4,"href":"https:\/\/www.zusjcbb.sk\/index.php?rest_route=\/wp\/v2\/posts\/3330\/revisions"}],"predecessor-version":[{"id":3335,"href":"https:\/\/www.zusjcbb.sk\/index.php?rest_route=\/wp\/v2\/posts\/3330\/revisions\/3335"}],"wp:attachment":[{"href":"https:\/\/www.zusjcbb.sk\/index.php?rest_route=%2Fwp%2Fv2%2Fmedia&parent=3330"}],"wp:term":[{"taxonomy":"category","embeddable":true,"href":"https:\/\/www.zusjcbb.sk\/index.php?rest_route=%2Fwp%2Fv2%2Fcategories&post=3330"},{"taxonomy":"post_tag","embeddable":true,"href":"https:\/\/www.zusjcbb.sk\/index.php?rest_route=%2Fwp%2Fv2%2Ftags&post=3330"}],"curies":[{"name":"wp","href":"https:\/\/api.w.org\/{rel}","templated":true}]}}